{"id":2056,"date":"2018-02-17T01:02:29","date_gmt":"2018-02-17T00:02:29","guid":{"rendered":"https:\/\/rinekedejong.nl\/?p=2056"},"modified":"2025-08-27T15:17:13","modified_gmt":"2025-08-27T13:17:13","slug":"mijn-exposities-in-mei-juni-juli-en-augustus-2018","status":"publish","type":"post","link":"https:\/\/rinekedejong.nl\/es\/mijn-exposities-in-mei-juni-juli-en-augustus-2018\/","title":{"rendered":"Mijn exposities in mei, juni, juli en augustus 2018"},"content":{"rendered":"<h2><strong>Mijn exposities in mei, juni, juli en augustus 2018, internationaal en nationaal<\/strong><\/h2>\n<p><strong>\u00a0<\/strong><\/p>\n<p>Drie exposities, 2 internationaal, Zuid-Frankrijk, en 1 nationaal, Terneuzen. En esparu-Art, die met mijn kunst aan de slag gaat. Met trots mag ik melden dat 2018 een druk jaar is voor mij. Zie hier het overzicht op rij.<\/p>\n<h3><strong>Esparu-ART<\/strong><\/h3>\n<p>Ten eerste heb ik een samenwerkingsverband met <strong>esparu-Art<\/strong>, <a href=\"https:\/\/esparu-art.com\/rineke-de-jong\/\">https:\/\/esparu-art.com\/rineke-de-jong\/<\/a>, die mijn kunst gaat promoten en vertegenwoordigen. De start van onze samenwerking is zeer plezierig begonnen en ik heb er vertrouwen in.<\/p>\n<h3><strong>\u00a0<\/strong><\/h3>\n<h3><strong>Art&#8217;s en Buis, expositie in Galerie des Ursulines 9 t\/m 27 jun1 2018<\/strong><\/h3>\n<p>Vorig jaar zomer ben ik weer gevraagd door Art&#8217;s en Buis om in de Galerie des Ursulines ( een voormalig klooster) in Buis-les-Baronnies te exposeren. In 2012 had ik in deze Franse galerie van de stad Buis-les-Baronnies al met groot plezier en succes ge\u00ebxposeerd en ik ben vereerd met de geboden nieuwe mogelijkheid. Deze expositie is gepland van 9 t\/m 27 jun1 2018. Het adres is: 1 Rue Des Quiastres &#8211; 26170 Buis-Les-Baronnies, Frankrijk.<\/p>\n<p><img loading=\"lazy\" decoding=\"async\" data-attachment-id=\"2060\" data-permalink=\"https:\/\/rinekedejong.nl\/es\/mijn-exposities-in-mei-juni-juli-en-augustus-2018\/buis-les-bies\/\" data-orig-file=\"https:\/\/rinekedejong.nl\/wordpress\/wp-content\/uploads\/2018\/02\/buis-les-bies.jpg\" data-orig-size=\"448,300\" data-comments-opened=\"1\" data-image-meta=\"{&quot;aperture&quot;:&quot;0&quot;,&quot;credit&quot;:&quot;&quot;,&quot;camera&quot;:&quot;&quot;,&quot;caption&quot;:&quot;&quot;,&quot;created_timestamp&quot;:&quot;0&quot;,&quot;copyright&quot;:&quot;&quot;,&quot;focal_length&quot;:&quot;0&quot;,&quot;iso&quot;:&quot;0&quot;,&quot;shutter_speed&quot;:&quot;0&quot;,&quot;title&quot;:&quot;&quot;,&quot;orientation&quot;:&quot;0&quot;}\" data-image-title=\"buis les bies\" data-image-description=\"\" data-image-caption=\"\" data-large-file=\"https:\/\/rinekedejong.nl\/wordpress\/wp-content\/uploads\/2018\/02\/buis-les-bies.jpg\" class=\"aligncenter wp-image-2060 size-medium\" src=\"https:\/\/rinekedejong.nl\/wordpress\/wp-content\/uploads\/2018\/02\/buis-les-bies-300x201.jpg\" alt=\"Mijn exposities in mei, juni, juli en augustus 2018\" width=\"300\" height=\"201\" srcset=\"https:\/\/rinekedejong.nl\/wordpress\/wp-content\/uploads\/2018\/02\/buis-les-bies-300x201.jpg 300w, https:\/\/rinekedejong.nl\/wordpress\/wp-content\/uploads\/2018\/02\/buis-les-bies-150x100.jpg 150w, https:\/\/rinekedejong.nl\/wordpress\/wp-content\/uploads\/2018\/02\/buis-les-bies.jpg 448w\" sizes=\"auto, (max-width: 300px) 100vw, 300px\" \/><\/p>\n<p>Figuur 1Buis-les-Baronnies (Dr\u00f4me, France). Arche rue des Quiastres\/rue du Paty, avec \u00e0 gauche le portail Renaissance du couvent des Ursulines.<\/p>\n<p><img loading=\"lazy\" decoding=\"async\" data-attachment-id=\"2058\" data-permalink=\"https:\/\/rinekedejong.nl\/es\/mijn-exposities-in-mei-juni-juli-en-augustus-2018\/kaart-buis\/\" data-orig-file=\"https:\/\/rinekedejong.nl\/wordpress\/wp-content\/uploads\/2018\/02\/kaart-Buis.jpg\" data-orig-size=\"520,369\" data-comments-opened=\"1\" data-image-meta=\"{&quot;aperture&quot;:&quot;0&quot;,&quot;credit&quot;:&quot;&quot;,&quot;camera&quot;:&quot;&quot;,&quot;caption&quot;:&quot;&quot;,&quot;created_timestamp&quot;:&quot;0&quot;,&quot;copyright&quot;:&quot;&quot;,&quot;focal_length&quot;:&quot;0&quot;,&quot;iso&quot;:&quot;0&quot;,&quot;shutter_speed&quot;:&quot;0&quot;,&quot;title&quot;:&quot;&quot;,&quot;orientation&quot;:&quot;0&quot;}\" data-image-title=\"kaart Buis\" data-image-description=\"\" data-image-caption=\"\" data-large-file=\"https:\/\/rinekedejong.nl\/wordpress\/wp-content\/uploads\/2018\/02\/kaart-Buis.jpg\" class=\"aligncenter wp-image-2058 size-medium\" src=\"https:\/\/rinekedejong.nl\/wordpress\/wp-content\/uploads\/2018\/02\/kaart-Buis-300x213.jpg\" alt=\"Mijn exposities in mei, juni, juli en augustus 2018\" width=\"300\" height=\"213\" srcset=\"https:\/\/rinekedejong.nl\/wordpress\/wp-content\/uploads\/2018\/02\/kaart-Buis-300x213.jpg 300w, https:\/\/rinekedejong.nl\/wordpress\/wp-content\/uploads\/2018\/02\/kaart-Buis-150x106.jpg 150w, https:\/\/rinekedejong.nl\/wordpress\/wp-content\/uploads\/2018\/02\/kaart-Buis.jpg 520w\" sizes=\"auto, (max-width: 300px) 100vw, 300px\" \/><\/p>\n<p>Figuur 2 Buis-les-Baronnies ligt bij het pijltje, midden in het Parc Natural Regional des Baronnies Proven\u00e7ales.<\/p>\n<p>Wil je meer weten over Buis-les-Baronnies, klik op deze link: <a href=\"https:\/\/fr.wikipedia.org\/wiki\/Buis-les-Baronnies\">https:\/\/fr.wikipedia.org\/wiki\/Buis-les-Baronnies<\/a> en <a href=\"http:\/\/www.dromeprovencale.fr\/visiter\/couvent-des-ursulines-et-porte-renaissance-35067\/\">http:\/\/www.dromeprovencale.fr\/visiter\/couvent-des-ursulines-et-porte-renaissance-35067\/<\/a><\/p>\n<h3><strong>Expositie in <\/strong><strong>Galerie Carri\u00e8res du Val d&#8217;Enfer 14 t\/m 28 mei 2018<\/strong><\/h3>\n<p>In augustus 2017 heb ik de &#8220;Carri\u00e8res de Lumi\u00e8res&#8221; bezocht, voorheen de Cath\u00e9drale d&#8217;Images, in <a href=\"https:\/\/nl.wikipedia.org\/wiki\/Les_Baux-de-Provence\">Les Baux-de-Provence<\/a> (<a href=\"https:\/\/nl.wikipedia.org\/wiki\/Bouches-du-Rh%C3%B4ne\">Bouches-du-Rh\u00f4ne<\/a>, <a href=\"https:\/\/nl.wikipedia.org\/wiki\/Provence-Alpes-C%C3%B4te_d%27Azur\">Provence-Alpes-C\u00f4te d&#8217;Azur<\/a> ), waar beelden op groot formaat worden geprojecteerd op de muren van immense stenen ruimten, uitgegraven in de rotsen van de Val d\u2019Enfer (Vallei van de Hel), in de <a href=\"https:\/\/nl.wikipedia.org\/wiki\/Provence_(Frankrijk)\">Provence<\/a>, dicht bij Les Baux-de-Provence, langs de departementale weg D27.aan de weg naar <a href=\"https:\/\/nl.wikipedia.org\/wiki\/Maillane\">Maillane<\/a>. Het oppervlak van de muren omvat 4000m\u00b2. De Cath\u00e9drale d&#8217;Images is opgericht door Albert Pl\u00e9cy die er de ruimte vond voor zijn &#8220;totale visuele beleving&#8221;. Na aanzienlijke investeringen vertoont men in hoge zalen, op muren en pilaren van ongerepte kalksteen die dienen als een driedimensionaal scherm, een magische projectie van reusachtige dia&#8217;s waar de kijker wordt ondergedompeld in een visuele en muzikale show. Elk jaar is er een nieuwe show, gerelateerd aan een specifiek thema.<\/p>\n<p>De bezoekers van de tentoonstellingen krijgen schilderijen van bekende schilders zien, die op de muren worden geprojecteerd. Elk jaar komen er andere schilders aan bod. Zoals Vincent van Gogh en Eug\u00e8ne Henri Paul Gauguin, Bosch, Brueghel et Arcimboldo met kleurige schilderijen als thema. In 2018 staat Picasso centraal. De Carri\u00e8res des Lumi\u00e8res is tussen maart en september elke dag geopend vanaf 9.30 uur tot 19.00 uur. In de maanden oktober tot en met januari is de steengroeve elke dag van 10.00 uur tot 18.00 uur open. Een bezoekje aan deze speciale steengroeve is absoluut de moeite waard, en een onvergetelijke ervaring!<\/p>\n<p><strong>Hier tegenover ligt de Galerie Carri\u00e8res du Val d&#8217;Enfer. Hier, in deze prachtige ruimte, mag ik, Rineke de Jong, van 14 t\/m 28 mei 2018 mijn schilderijen exposeren. U bent van harte welkom. De openingstijden zijn gelijk aan de Carri\u00e8res de Lumi\u00e8res.<\/strong><\/p>\n<p><img loading=\"lazy\" decoding=\"async\" data-attachment-id=\"2062\" data-permalink=\"https:\/\/rinekedejong.nl\/es\/mijn-exposities-in-mei-juni-juli-en-augustus-2018\/galerie-val-denfer\/\" data-orig-file=\"https:\/\/rinekedejong.nl\/wordpress\/wp-content\/uploads\/2018\/02\/galerie-val-denfer.jpg\" data-orig-size=\"448,299\" data-comments-opened=\"1\" data-image-meta=\"{&quot;aperture&quot;:&quot;0&quot;,&quot;credit&quot;:&quot;&quot;,&quot;camera&quot;:&quot;&quot;,&quot;caption&quot;:&quot;&quot;,&quot;created_timestamp&quot;:&quot;0&quot;,&quot;copyright&quot;:&quot;&quot;,&quot;focal_length&quot;:&quot;0&quot;,&quot;iso&quot;:&quot;0&quot;,&quot;shutter_speed&quot;:&quot;0&quot;,&quot;title&quot;:&quot;&quot;,&quot;orientation&quot;:&quot;0&quot;}\" data-image-title=\"galerie val d&amp;#8217;enfer\" data-image-description=\"\" data-image-caption=\"\" data-large-file=\"https:\/\/rinekedejong.nl\/wordpress\/wp-content\/uploads\/2018\/02\/galerie-val-denfer.jpg\" class=\"aligncenter wp-image-2062 size-medium\" src=\"https:\/\/rinekedejong.nl\/wordpress\/wp-content\/uploads\/2018\/02\/galerie-val-denfer-300x200.jpg\" alt=\"Mijn exposities in mei, juni, juli en augustus 2018\" width=\"300\" height=\"200\" srcset=\"https:\/\/rinekedejong.nl\/wordpress\/wp-content\/uploads\/2018\/02\/galerie-val-denfer-300x200.jpg 300w, https:\/\/rinekedejong.nl\/wordpress\/wp-content\/uploads\/2018\/02\/galerie-val-denfer-150x100.jpg 150w, https:\/\/rinekedejong.nl\/wordpress\/wp-content\/uploads\/2018\/02\/galerie-val-denfer.jpg 448w\" sizes=\"auto, (max-width: 300px) 100vw, 300px\" \/><\/p>\n<p>Figuur 3 Galerie Carri\u00e8re du Val d&#8217;Enfer in Les-Baux-de-Provence.<\/p>\n<h3><strong>Mathildedag 7-7-2018 in Terneuzen. Expositie vanaf 7 juli 2018 tot half augustus<br \/>\n<\/strong><\/h3>\n<p>Op 27 augustus 2017 werd ik uitgenodigd om mee te doen aan de Mathildedag .<\/p>\n<p>Kijk voor meer informatie op <a href=\"http:\/\/www.mathildefestival.nl\/\">http:\/\/www.mathildefestival.nl\/<\/a><\/p>\n<p>Voor degenen die het (nog) niet weten: Mathilde \u00a0( de Doelder &#8211; ) was de derde vrouw en muze van de schilder Carel Willink<\/p>\n<div id=\"attachment_1954\" style=\"width: 162px\" class=\"wp-caption aligncenter\"><img loading=\"lazy\" decoding=\"async\" aria-describedby=\"caption-attachment-1954\" data-attachment-id=\"1954\" data-permalink=\"https:\/\/rinekedejong.nl\/es\/tweede-portret-mathilde\/mathilde-willink-portret-rweb\/\" data-orig-file=\"https:\/\/rinekedejong.nl\/wordpress\/wp-content\/uploads\/2017\/10\/Mathilde-Willink-portret-\u00a9Rweb.jpg\" data-orig-size=\"388,768\" data-comments-opened=\"1\" data-image-meta=\"{&quot;aperture&quot;:&quot;0&quot;,&quot;credit&quot;:&quot;&quot;,&quot;camera&quot;:&quot;&quot;,&quot;caption&quot;:&quot;&quot;,&quot;created_timestamp&quot;:&quot;0&quot;,&quot;copyright&quot;:&quot;&quot;,&quot;focal_length&quot;:&quot;0&quot;,&quot;iso&quot;:&quot;0&quot;,&quot;shutter_speed&quot;:&quot;0&quot;,&quot;title&quot;:&quot;&quot;,&quot;orientation&quot;:&quot;0&quot;}\" data-image-title=\"Mathilde Willink portret \u00a9Rweb\" data-image-description=\"\" data-image-caption=\"&lt;p&gt;Mathilde Willink &amp;#8211; de Doelder&lt;\/p&gt;\n\" data-large-file=\"https:\/\/rinekedejong.nl\/wordpress\/wp-content\/uploads\/2017\/10\/Mathilde-Willink-portret-\u00a9Rweb.jpg\" class=\"wp-image-1954 size-medium\" src=\"https:\/\/rinekedejong.nl\/wordpress\/wp-content\/uploads\/2017\/10\/Mathilde-Willink-portret-\u00a9Rweb-152x300.jpg\" alt=\"Mijn exposities in mei, juni, juli en augustus 2018\" width=\"152\" height=\"300\" srcset=\"https:\/\/rinekedejong.nl\/wordpress\/wp-content\/uploads\/2017\/10\/Mathilde-Willink-portret-\u00a9Rweb-152x300.jpg 152w, https:\/\/rinekedejong.nl\/wordpress\/wp-content\/uploads\/2017\/10\/Mathilde-Willink-portret-\u00a9Rweb-76x150.jpg 76w, https:\/\/rinekedejong.nl\/wordpress\/wp-content\/uploads\/2017\/10\/Mathilde-Willink-portret-\u00a9Rweb.jpg 388w\" sizes=\"auto, (max-width: 152px) 100vw, 152px\" \/><p id=\"caption-attachment-1954\" class=\"wp-caption-text\">Mathilde Willink &#8211; de Doelder<\/p><\/div>\n<p>Figuur 4 Mathilde Willink in blauw<\/p>\n<p>Ze is voor de organisatoren van de Mathildedag het synoniem van de vrije creatief scheppende geesten en Kunsten voor Terneuzen. Gelijkgezinden streven ernaar een inspirerende en kunstzinnig feestelijk herdenking&#8217;s event op haar 80 ste verjaardag 7 juli 2018 mogelijk te maken met een verjaardags fuif die nog lang nagalmt met alle facetten die Mathilde deelde. Dat heet Kunst , Performance ,fashion en de &#8221; sence pour Femme &#8221; .<\/p>\n<p>Het initiatief komt uit het kunstenaars milieu met een NON commercieel uitgangspunt.<\/p>\n<p>Voor dit event heb ik 4 schilderijen gemaakt, waarvan het vierde schilderij nog even geheim moet blijven. Het is zo goed als klaar en er moet nog een hoge resolutie foto van gemaakt worden. Waarom? Omdat het schilderij gaat dienen als poster en ook gebruikt gaat worden voor een Art-Poster op A2 formaat van Mathilde als passend geschenk ten behoeve van de Crowd Funding van het Mathildedag project.<\/p>\n<p>Mijn Mathilde schilderijen zullen aansluitend op de Mathildedag voor 4 tot 7 weken worden ge\u00ebxposeerd in Terneuzen, waarschijnlijk in Galerie Lokaal 54.<\/p>\n<div style='text-align:center' class='yasr-auto-insert-visitor'><\/div><!-- AddThis Advanced Settings generic via filter on the_content --><!-- AddThis Share Buttons generic via filter on the_content -->","protected":false},"excerpt":{"rendered":"<p>Mijn exposities in mei, juni, juli en augustus 2018, internationaal en nationaal \u00a0 Drie exposities, 2 internationaal, Zuid-Frankrijk, en 1 nationaal, Terneuzen. En esparu-Art, die met mijn kunst aan de slag gaat. Met trots mag ik melden dat 2018 een druk jaar is voor mij. Zie hier het overzicht op\u2026<!-- AddThis Advanced Settings generic via filter on wp_trim_excerpt --><!-- AddThis Share Buttons generic via filter on wp_trim_excerpt --><\/p>\n<p class=\"continue-reading-button\"> <a class=\"continue-reading-link\" href=\"https:\/\/rinekedejong.nl\/es\/mijn-exposities-in-mei-juni-juli-en-augustus-2018\/\">lees verder&#8230;<i class=\"crycon-right-dir\"><\/i><\/a><\/p>\n","protected":false},"author":1,"featured_media":1954,"comment_status":"closed","ping_status":"closed","sticky":false,"template":"","format":"standard","meta":{"_exactmetrics_skip_tracking":false,"_exactmetrics_sitenote_active":false,"_exactmetrics_sitenote_note":"","_exactmetrics_sitenote_category":0,"jetpack_post_was_ever_published":false,"yasr_overall_rating":0,"yasr_post_is_review":"","yasr_auto_insert_disabled":"","yasr_review_type":"","_jetpack_newsletter_access":"","_jetpack_dont_email_post_to_subs":false,"_jetpack_newsletter_tier_id":0,"_jetpack_memberships_contains_paywalled_content":false,"_jetpack_memberships_contains_paid_content":false,"footnotes":"","jetpack_publicize_message":"","jetpack_publicize_feature_enabled":true,"jetpack_social_post_already_shared":true,"jetpack_social_options":{"image_generator_settings":{"template":"highway","default_image_id":0,"font":"","enabled":false},"version":2}},"categories":[191,1],"tags":[228,227,226],"class_list":["post-2056","post","type-post","status-publish","format-standard","has-post-thumbnail","hentry","category-blog","category-uncategorised","tag-juli-en-augustus-2018","tag-juni","tag-mijn-exposities-in-mei"],"translation":{"provider":"WPGlobus","version":"3.0.2","language":"es","enabled_languages":["nl","en","de","fr","es"],"languages":{"nl":{"title":true,"content":true,"excerpt":false},"en":{"title":false,"content":false,"excerpt":false},"de":{"title":false,"content":false,"excerpt":false},"fr":{"title":false,"content":false,"excerpt":false},"es":{"title":false,"content":false,"excerpt":false}}},"yasr_visitor_votes":{"stars_attributes":{"read_only":false,"span_bottom":false},"number_of_votes":0,"sum_votes":0},"yoast_head":"<!-- This site is optimized with the Yoast SEO plugin v27.5 - https:\/\/yoast.com\/product\/yoast-seo-wordpress\/ -->\n<title>Mijn exposities in mei, juni, juli en augustus 2018 - English<\/title>\n<meta name=\"robots\" content=\"index, follow, max-snippet:-1, max-image-preview:large, max-video-preview:-1\" \/>\n<link rel=\"canonical\" href=\"https:\/\/rinekedejong.nl\/mijn-exposities-in-mei-juni-juli-en-augustus-2018\/\" \/>\n<meta property=\"og:locale\" content=\"es_ES\" \/>\n<meta property=\"og:type\" content=\"article\" \/>\n<meta property=\"og:title\" content=\"Mijn exposities in mei, juni, juli en augustus 2018 - English\" \/>\n<meta property=\"og:url\" content=\"https:\/\/rinekedejong.nl\/mijn-exposities-in-mei-juni-juli-en-augustus-2018\/\" \/>\n<meta property=\"og:site_name\" content=\"English\" \/>\n<meta property=\"article:publisher\" content=\"https:\/\/www.facebook.com\/rineke.dejong.39\" \/>\n<meta property=\"article:author\" content=\"https:\/\/www.facebook.com\/rineke.dejong.39\" \/>\n<meta property=\"article:published_time\" content=\"2018-02-17T00:02:29+00:00\" \/>\n<meta property=\"article:modified_time\" content=\"2025-08-27T13:17:13+00:00\" \/>\n<meta property=\"og:image\" content=\"https:\/\/rinekedejong.nl\/wordpress\/wp-content\/uploads\/2017\/10\/Mathilde-Willink-portret-\u00a9Rweb.jpg\" \/>\n\t<meta property=\"og:image:width\" content=\"388\" \/>\n\t<meta property=\"og:image:height\" content=\"768\" \/>\n\t<meta property=\"og:image:type\" content=\"image\/jpeg\" \/>\n<meta name=\"author\" content=\"Rineke\" \/>\n<meta name=\"twitter:card\" content=\"summary_large_image\" \/>\n<meta name=\"twitter:creator\" content=\"@JongRineke\" \/>\n<meta name=\"twitter:site\" content=\"@JongRineke\" \/>\n<meta name=\"twitter:label1\" content=\"Written by\" \/>\n\t<meta name=\"twitter:data1\" content=\"Rineke\" \/>\n\t<meta name=\"twitter:label2\" content=\"Est. reading time\" \/>\n\t<meta name=\"twitter:data2\" content=\"4 minutes\" \/>\n<script type=\"application\/ld+json\" class=\"yoast-schema-graph\">{\"@context\":\"https:\\\/\\\/schema.org\",\"@graph\":[{\"@type\":\"Article\",\"@id\":\"https:\\\/\\\/rinekedejong.nl\\\/mijn-exposities-in-mei-juni-juli-en-augustus-2018\\\/#article\",\"isPartOf\":{\"@id\":\"https:\\\/\\\/rinekedejong.nl\\\/mijn-exposities-in-mei-juni-juli-en-augustus-2018\\\/\"},\"author\":{\"name\":\"Rineke\",\"@id\":\"https:\\\/\\\/rinekedejong.nl\\\/#\\\/schema\\\/person\\\/484b0fe4387e175dcaddfeb05ea71e36\"},\"headline\":\"Mijn exposities in mei, juni, juli en augustus 2018\",\"datePublished\":\"2018-02-17T00:02:29+00:00\",\"dateModified\":\"2025-08-27T13:17:13+00:00\",\"mainEntityOfPage\":{\"@id\":\"https:\\\/\\\/rinekedejong.nl\\\/mijn-exposities-in-mei-juni-juli-en-augustus-2018\\\/\"},\"wordCount\":778,\"publisher\":{\"@id\":\"https:\\\/\\\/rinekedejong.nl\\\/#\\\/schema\\\/person\\\/484b0fe4387e175dcaddfeb05ea71e36\"},\"image\":{\"@id\":\"https:\\\/\\\/rinekedejong.nl\\\/mijn-exposities-in-mei-juni-juli-en-augustus-2018\\\/#primaryimage\"},\"thumbnailUrl\":\"https:\\\/\\\/rinekedejong.nl\\\/wordpress\\\/wp-content\\\/uploads\\\/2017\\\/10\\\/Mathilde-Willink-portret-\u00a9Rweb.jpg\",\"keywords\":[\"juli en augustus 2018\",\"juni\",\"Mijn exposities in mei\"],\"articleSection\":[\"blog\",\"Uncategorised\"],\"inLanguage\":\"es-ES\"},{\"@type\":\"WebPage\",\"@id\":\"https:\\\/\\\/rinekedejong.nl\\\/mijn-exposities-in-mei-juni-juli-en-augustus-2018\\\/\",\"url\":\"https:\\\/\\\/rinekedejong.nl\\\/mijn-exposities-in-mei-juni-juli-en-augustus-2018\\\/\",\"name\":\"Mijn exposities in mei, juni, juli en augustus 2018 - English\",\"isPartOf\":{\"@id\":\"https:\\\/\\\/rinekedejong.nl\\\/#website\"},\"primaryImageOfPage\":{\"@id\":\"https:\\\/\\\/rinekedejong.nl\\\/mijn-exposities-in-mei-juni-juli-en-augustus-2018\\\/#primaryimage\"},\"image\":{\"@id\":\"https:\\\/\\\/rinekedejong.nl\\\/mijn-exposities-in-mei-juni-juli-en-augustus-2018\\\/#primaryimage\"},\"thumbnailUrl\":\"https:\\\/\\\/rinekedejong.nl\\\/wordpress\\\/wp-content\\\/uploads\\\/2017\\\/10\\\/Mathilde-Willink-portret-\u00a9Rweb.jpg\",\"datePublished\":\"2018-02-17T00:02:29+00:00\",\"dateModified\":\"2025-08-27T13:17:13+00:00\",\"breadcrumb\":{\"@id\":\"https:\\\/\\\/rinekedejong.nl\\\/mijn-exposities-in-mei-juni-juli-en-augustus-2018\\\/#breadcrumb\"},\"inLanguage\":\"es-ES\",\"potentialAction\":[{\"@type\":\"ReadAction\",\"target\":[\"https:\\\/\\\/rinekedejong.nl\\\/mijn-exposities-in-mei-juni-juli-en-augustus-2018\\\/\"]}]},{\"@type\":\"ImageObject\",\"inLanguage\":\"es-ES\",\"@id\":\"https:\\\/\\\/rinekedejong.nl\\\/mijn-exposities-in-mei-juni-juli-en-augustus-2018\\\/#primaryimage\",\"url\":\"https:\\\/\\\/rinekedejong.nl\\\/wordpress\\\/wp-content\\\/uploads\\\/2017\\\/10\\\/Mathilde-Willink-portret-\u00a9Rweb.jpg\",\"contentUrl\":\"https:\\\/\\\/rinekedejong.nl\\\/wordpress\\\/wp-content\\\/uploads\\\/2017\\\/10\\\/Mathilde-Willink-portret-\u00a9Rweb.jpg\",\"width\":388,\"height\":768,\"caption\":\"Mathilde Willink - de Doelder\"},{\"@type\":\"BreadcrumbList\",\"@id\":\"https:\\\/\\\/rinekedejong.nl\\\/mijn-exposities-in-mei-juni-juli-en-augustus-2018\\\/#breadcrumb\",\"itemListElement\":[{\"@type\":\"ListItem\",\"position\":1,\"name\":\"Home\",\"item\":\"https:\\\/\\\/rinekedejong.nl\\\/\"},{\"@type\":\"ListItem\",\"position\":2,\"name\":\"blog\",\"item\":\"https:\\\/\\\/rinekedejong.nl\\\/en\\\/category\\\/blog\\\/\"},{\"@type\":\"ListItem\",\"position\":3,\"name\":\"Mijn exposities in mei, juni, juli en augustus 2018\"}]},{\"@type\":\"WebSite\",\"@id\":\"https:\\\/\\\/rinekedejong.nl\\\/#website\",\"url\":\"https:\\\/\\\/rinekedejong.nl\\\/\",\"name\":\"Rineke de Jong | Realistische schilderijen en tekeningen\",\"description\":\"English\",\"publisher\":{\"@id\":\"https:\\\/\\\/rinekedejong.nl\\\/#\\\/schema\\\/person\\\/484b0fe4387e175dcaddfeb05ea71e36\"},\"potentialAction\":[{\"@type\":\"SearchAction\",\"target\":{\"@type\":\"EntryPoint\",\"urlTemplate\":\"https:\\\/\\\/rinekedejong.nl\\\/?s={search_term_string}\"},\"query-input\":{\"@type\":\"PropertyValueSpecification\",\"valueRequired\":true,\"valueName\":\"search_term_string\"}}],\"inLanguage\":\"es-ES\"},{\"@type\":[\"Person\",\"Organization\"],\"@id\":\"https:\\\/\\\/rinekedejong.nl\\\/#\\\/schema\\\/person\\\/484b0fe4387e175dcaddfeb05ea71e36\",\"name\":\"Rineke\",\"image\":{\"@type\":\"ImageObject\",\"inLanguage\":\"es-ES\",\"@id\":\"https:\\\/\\\/secure.gravatar.com\\\/avatar\\\/9f83e939018fa8af5e54fc9f71bb2276bd2f365ad829156f1fd7aae2b1e80089?s=96&d=mm&r=g\",\"url\":\"https:\\\/\\\/secure.gravatar.com\\\/avatar\\\/9f83e939018fa8af5e54fc9f71bb2276bd2f365ad829156f1fd7aae2b1e80089?s=96&d=mm&r=g\",\"contentUrl\":\"https:\\\/\\\/secure.gravatar.com\\\/avatar\\\/9f83e939018fa8af5e54fc9f71bb2276bd2f365ad829156f1fd7aae2b1e80089?s=96&d=mm&r=g\",\"caption\":\"Rineke\"},\"logo\":{\"@id\":\"https:\\\/\\\/secure.gravatar.com\\\/avatar\\\/9f83e939018fa8af5e54fc9f71bb2276bd2f365ad829156f1fd7aae2b1e80089?s=96&d=mm&r=g\"},\"description\":\"Mythologie is vaak de bron van inspiratie. Ik probeer het goddelijke en het menselijke te verenigen in mijn schilderijen. Paarden en andere dieren, maar ook groente en fruit vindt u terug in mijn schilderijen. Portretten maak ik in opdracht. Regelmatig neem ik deel aan exposities nationaal en internationaal en heb vele prijzen gewonnen. Mijn werk is gepubliceerd in diverse uitgaven en aangekocht in binnen- en buitenland.\",\"sameAs\":[\"http:\\\/\\\/rinekedejong.nl\",\"https:\\\/\\\/www.facebook.com\\\/rineke.dejong.39\",\"https:\\\/\\\/x.com\\\/JongRineke\"]},false]}<\/script>\n<!-- \/ Yoast SEO plugin. -->","yoast_head_json":{"title":"Mijn exposities in mei, juni, juli en augustus 2018 - English","robots":{"index":"index","follow":"follow","max-snippet":"max-snippet:-1","max-image-preview":"max-image-preview:large","max-video-preview":"max-video-preview:-1"},"canonical":"https:\/\/rinekedejong.nl\/mijn-exposities-in-mei-juni-juli-en-augustus-2018\/","og_locale":"es_ES","og_type":"article","og_title":"Mijn exposities in mei, juni, juli en augustus 2018 - English","og_url":"https:\/\/rinekedejong.nl\/mijn-exposities-in-mei-juni-juli-en-augustus-2018\/","og_site_name":"English","article_publisher":"https:\/\/www.facebook.com\/rineke.dejong.39","article_author":"https:\/\/www.facebook.com\/rineke.dejong.39","article_published_time":"2018-02-17T00:02:29+00:00","article_modified_time":"2025-08-27T13:17:13+00:00","og_image":[{"width":388,"height":768,"url":"https:\/\/rinekedejong.nl\/wordpress\/wp-content\/uploads\/2017\/10\/Mathilde-Willink-portret-\u00a9Rweb.jpg","type":"image\/jpeg"}],"author":"Rineke","twitter_card":"summary_large_image","twitter_creator":"@JongRineke","twitter_site":"@JongRineke","twitter_misc":{"Written by":"Rineke","Est. reading time":"4 minutes"},"schema":{"@context":"https:\/\/schema.org","@graph":[{"@type":"Article","@id":"https:\/\/rinekedejong.nl\/mijn-exposities-in-mei-juni-juli-en-augustus-2018\/#article","isPartOf":{"@id":"https:\/\/rinekedejong.nl\/mijn-exposities-in-mei-juni-juli-en-augustus-2018\/"},"author":{"name":"Rineke","@id":"https:\/\/rinekedejong.nl\/#\/schema\/person\/484b0fe4387e175dcaddfeb05ea71e36"},"headline":"Mijn exposities in mei, juni, juli en augustus 2018","datePublished":"2018-02-17T00:02:29+00:00","dateModified":"2025-08-27T13:17:13+00:00","mainEntityOfPage":{"@id":"https:\/\/rinekedejong.nl\/mijn-exposities-in-mei-juni-juli-en-augustus-2018\/"},"wordCount":778,"publisher":{"@id":"https:\/\/rinekedejong.nl\/#\/schema\/person\/484b0fe4387e175dcaddfeb05ea71e36"},"image":{"@id":"https:\/\/rinekedejong.nl\/mijn-exposities-in-mei-juni-juli-en-augustus-2018\/#primaryimage"},"thumbnailUrl":"https:\/\/rinekedejong.nl\/wordpress\/wp-content\/uploads\/2017\/10\/Mathilde-Willink-portret-\u00a9Rweb.jpg","keywords":["juli en augustus 2018","juni","Mijn exposities in mei"],"articleSection":["blog","Uncategorised"],"inLanguage":"es-ES"},{"@type":"WebPage","@id":"https:\/\/rinekedejong.nl\/mijn-exposities-in-mei-juni-juli-en-augustus-2018\/","url":"https:\/\/rinekedejong.nl\/mijn-exposities-in-mei-juni-juli-en-augustus-2018\/","name":"Mijn exposities in mei, juni, juli en augustus 2018 - English","isPartOf":{"@id":"https:\/\/rinekedejong.nl\/#website"},"primaryImageOfPage":{"@id":"https:\/\/rinekedejong.nl\/mijn-exposities-in-mei-juni-juli-en-augustus-2018\/#primaryimage"},"image":{"@id":"https:\/\/rinekedejong.nl\/mijn-exposities-in-mei-juni-juli-en-augustus-2018\/#primaryimage"},"thumbnailUrl":"https:\/\/rinekedejong.nl\/wordpress\/wp-content\/uploads\/2017\/10\/Mathilde-Willink-portret-\u00a9Rweb.jpg","datePublished":"2018-02-17T00:02:29+00:00","dateModified":"2025-08-27T13:17:13+00:00","breadcrumb":{"@id":"https:\/\/rinekedejong.nl\/mijn-exposities-in-mei-juni-juli-en-augustus-2018\/#breadcrumb"},"inLanguage":"es-ES","potentialAction":[{"@type":"ReadAction","target":["https:\/\/rinekedejong.nl\/mijn-exposities-in-mei-juni-juli-en-augustus-2018\/"]}]},{"@type":"ImageObject","inLanguage":"es-ES","@id":"https:\/\/rinekedejong.nl\/mijn-exposities-in-mei-juni-juli-en-augustus-2018\/#primaryimage","url":"https:\/\/rinekedejong.nl\/wordpress\/wp-content\/uploads\/2017\/10\/Mathilde-Willink-portret-\u00a9Rweb.jpg","contentUrl":"https:\/\/rinekedejong.nl\/wordpress\/wp-content\/uploads\/2017\/10\/Mathilde-Willink-portret-\u00a9Rweb.jpg","width":388,"height":768,"caption":"Mathilde Willink - de Doelder"},{"@type":"BreadcrumbList","@id":"https:\/\/rinekedejong.nl\/mijn-exposities-in-mei-juni-juli-en-augustus-2018\/#breadcrumb","itemListElement":[{"@type":"ListItem","position":1,"name":"Home","item":"https:\/\/rinekedejong.nl\/"},{"@type":"ListItem","position":2,"name":"blog","item":"https:\/\/rinekedejong.nl\/en\/category\/blog\/"},{"@type":"ListItem","position":3,"name":"Mijn exposities in mei, juni, juli en augustus 2018"}]},{"@type":"WebSite","@id":"https:\/\/rinekedejong.nl\/#website","url":"https:\/\/rinekedejong.nl\/","name":"Rineke de Jong | Realistische schilderijen en tekeningen","description":"English","publisher":{"@id":"https:\/\/rinekedejong.nl\/#\/schema\/person\/484b0fe4387e175dcaddfeb05ea71e36"},"potentialAction":[{"@type":"SearchAction","target":{"@type":"EntryPoint","urlTemplate":"https:\/\/rinekedejong.nl\/?s={search_term_string}"},"query-input":{"@type":"PropertyValueSpecification","valueRequired":true,"valueName":"search_term_string"}}],"inLanguage":"es-ES"},{"@type":["Person","Organization"],"@id":"https:\/\/rinekedejong.nl\/#\/schema\/person\/484b0fe4387e175dcaddfeb05ea71e36","name":"Rineke","image":{"@type":"ImageObject","inLanguage":"es-ES","@id":"https:\/\/secure.gravatar.com\/avatar\/9f83e939018fa8af5e54fc9f71bb2276bd2f365ad829156f1fd7aae2b1e80089?s=96&d=mm&r=g","url":"https:\/\/secure.gravatar.com\/avatar\/9f83e939018fa8af5e54fc9f71bb2276bd2f365ad829156f1fd7aae2b1e80089?s=96&d=mm&r=g","contentUrl":"https:\/\/secure.gravatar.com\/avatar\/9f83e939018fa8af5e54fc9f71bb2276bd2f365ad829156f1fd7aae2b1e80089?s=96&d=mm&r=g","caption":"Rineke"},"logo":{"@id":"https:\/\/secure.gravatar.com\/avatar\/9f83e939018fa8af5e54fc9f71bb2276bd2f365ad829156f1fd7aae2b1e80089?s=96&d=mm&r=g"},"description":"Mythologie is vaak de bron van inspiratie. Ik probeer het goddelijke en het menselijke te verenigen in mijn schilderijen. Paarden en andere dieren, maar ook groente en fruit vindt u terug in mijn schilderijen. Portretten maak ik in opdracht. Regelmatig neem ik deel aan exposities nationaal en internationaal en heb vele prijzen gewonnen. Mijn werk is gepubliceerd in diverse uitgaven en aangekocht in binnen- en buitenland.","sameAs":["http:\/\/rinekedejong.nl","https:\/\/www.facebook.com\/rineke.dejong.39","https:\/\/x.com\/JongRineke"]},false]}},"jetpack_publicize_connections":[],"jetpack_featured_media_url":"https:\/\/rinekedejong.nl\/wordpress\/wp-content\/uploads\/2017\/10\/Mathilde-Willink-portret-\u00a9Rweb.jpg","jetpack_shortlink":"https:\/\/wp.me\/p8IMGC-xa","jetpack-related-posts":[],"jetpack_sharing_enabled":true,"jetpack_likes_enabled":true,"_links":{"self":[{"href":"https:\/\/rinekedejong.nl\/es\/wp-json\/wp\/v2\/posts\/2056","targetHints":{"allow":["GET"]}}],"collection":[{"href":"https:\/\/rinekedejong.nl\/es\/wp-json\/wp\/v2\/posts"}],"about":[{"href":"https:\/\/rinekedejong.nl\/es\/wp-json\/wp\/v2\/types\/post"}],"author":[{"embeddable":true,"href":"https:\/\/rinekedejong.nl\/es\/wp-json\/wp\/v2\/users\/1"}],"replies":[{"embeddable":true,"href":"https:\/\/rinekedejong.nl\/es\/wp-json\/wp\/v2\/comments?post=2056"}],"version-history":[{"count":2,"href":"https:\/\/rinekedejong.nl\/es\/wp-json\/wp\/v2\/posts\/2056\/revisions"}],"predecessor-version":[{"id":2064,"href":"https:\/\/rinekedejong.nl\/es\/wp-json\/wp\/v2\/posts\/2056\/revisions\/2064"}],"wp:featuredmedia":[{"embeddable":true,"href":"https:\/\/rinekedejong.nl\/es\/wp-json\/wp\/v2\/media\/1954"}],"wp:attachment":[{"href":"https:\/\/rinekedejong.nl\/es\/wp-json\/wp\/v2\/media?parent=2056"}],"wp:term":[{"taxonomy":"category","embeddable":true,"href":"https:\/\/rinekedejong.nl\/es\/wp-json\/wp\/v2\/categories?post=2056"},{"taxonomy":"post_tag","embeddable":true,"href":"https:\/\/rinekedejong.nl\/es\/wp-json\/wp\/v2\/tags?post=2056"}],"curies":[{"name":"wp","href":"https:\/\/api.w.org\/{rel}","templated":true}]}}